{"id":13723,"date":"2023-03-28T18:11:31","date_gmt":"2023-03-28T16:11:31","guid":{"rendered":"https:\/\/bluediamondtv.com\/?p=13723"},"modified":"2023-03-28T18:11:31","modified_gmt":"2023-03-28T16:11:31","slug":"international-kylian-mbappe-la-preuve-que-la-jeunesse-est-un-risque-a-courir","status":"publish","type":"post","link":"https:\/\/bluediamondtv.com\/?p=13723","title":{"rendered":"[INTERNATIONAL] Kylian Mbapp\u00e9 : la preuve que la jeunesse est un risque \u00e0 courir !"},"content":{"rendered":"<p><strong><img decoding=\"async\" class=\"size-medium wp-image-13724 alignleft\" src=\"https:\/\/bluediamondtv.com\/wp-content\/uploads\/2023\/03\/kylian-300x150.jpg\" alt=\"\" width=\"300\" height=\"150\" srcset=\"https:\/\/bluediamondtv.com\/wp-content\/uploads\/2023\/03\/kylian-300x150.jpg 300w, https:\/\/bluediamondtv.com\/wp-content\/uploads\/2023\/03\/kylian-200x100.jpg 200w, https:\/\/bluediamondtv.com\/wp-content\/uploads\/2023\/03\/kylian-480x240.jpg 480w, https:\/\/bluediamondtv.com\/wp-content\/uploads\/2023\/03\/kylian.jpg 500w\" sizes=\"(max-width: 300px) 100vw, 300px\" \/>\u00c0 seulement 24 ans, la star fran\u00e7aise du ballon rond fait l\u2019unanimit\u00e9. Nouveau capitaine du PSG, nouveau capitaine de l\u2019\u00e9quipe de France, dans le top des meilleurs buteurs de la France, meilleur buteur de l\u2019histoire du PSG, <span style=\"color: #3366ff;\"><a style=\"color: #3366ff;\" href=\"https:\/\/www.onzemondial.com\/equipe-de-france\/irlande-france-la-belle-consolation-de-mbappe-apres-sa-soiree-galere-826697\">Kylian Mbapp\u00e9<\/a><\/span> vit son \u00e9poque.<\/strong><\/p>\n<h3>Un leader n\u00e9\u00a0!<\/h3>\n<p>Son r\u00f4le au sein de l\u2019\u00e9quipe de France et du club de la capitale PSG devient de plus en plus indispensable. Alors que la tr\u00eave internationale suit son cours, Kylian Mbapp\u00e9 est officiellement promu nouveau capitaine des Bleus par Didier Deschamps succ\u00e9dant ainsi \u00e0 Hugo Lloris. Didier Deschamps a bel et bien choisi le buteur du PSG pour endosser le r\u00f4le de capitaine. Le s\u00e9lectionneur des bleus garde un regard tr\u00e8s admiratif sur Kylian. Dans ce costume de nouveau leader des bleus, l\u2019attaquant parisien a \u00e9t\u00e9 brillant face au Pays-Bas en inscrivant un doubl\u00e9 sur un score de (4-0).<\/p>\n<p><strong><span style=\"color: #3366ff;\"><a style=\"color: #3366ff;\" href=\"https:\/\/bluediamondtv.com\/2022\/05\/23\/sport-linternational-kylian-mbappe-prolonge-au-psg-jusquen-2025\/\">LIRE AUSSI: [International] Kylian Mbappe prolong\u00e9 au PSG jusqu&rsquo;en 2025<\/a><\/span><\/strong><\/p>\n<p><img fetchpriority=\"high\" decoding=\"async\" class=\"size-medium wp-image-13725 alignleft\" src=\"https:\/\/bluediamondtv.com\/wp-content\/uploads\/2023\/03\/kylian-2-300x200.jpg\" alt=\"\" width=\"300\" height=\"200\" srcset=\"https:\/\/bluediamondtv.com\/wp-content\/uploads\/2023\/03\/kylian-2-300x200.jpg 300w, https:\/\/bluediamondtv.com\/wp-content\/uploads\/2023\/03\/kylian-2-1024x683.jpg 1024w, https:\/\/bluediamondtv.com\/wp-content\/uploads\/2023\/03\/kylian-2-200x133.jpg 200w, https:\/\/bluediamondtv.com\/wp-content\/uploads\/2023\/03\/kylian-2-768x512.jpg 768w, https:\/\/bluediamondtv.com\/wp-content\/uploads\/2023\/03\/kylian-2-480x320.jpg 480w, https:\/\/bluediamondtv.com\/wp-content\/uploads\/2023\/03\/kylian-2.jpg 1200w\" sizes=\"(max-width: 300px) 100vw, 300px\" \/>Au PSG le tricolore commence un match dimanche avec le brassard de capitaine pour la premi\u00e8re fois, \u00e0 Lens, en seizi\u00e8me de finale de la Coupe de France contre Pays de Cassel (R1). Il l\u2019a honor\u00e9 en r\u00e9alisant d\u00e9j\u00e0 un tripl\u00e9 en premi\u00e8re p\u00e9riode (29<sup>e<\/sup>, 35<sup>e<\/sup>, 41<sup>e<\/sup>).<\/p>\n<h3>Un chasseur de records\u00a0!<\/h3>\n<p>Kylian Mbapp\u00e9 est devenu \u00e0 24 ans le meilleur buteur de l\u2019histoire du Paris Saint-Germain en inscrivant sa 201<sup>e<\/sup> r\u00e9alisation contre Nantes (4-2) en Ligue 1, d\u00e9passant ainsi la barre des 200 buts \u00e9tablie par l\u2019Urugayen Edinson Cavani. Auteur d\u2019un doubl\u00e9 face aux Pays-Bas (4-0), le champion du monde est entr\u00e9 dans le Top 5 des meilleurs buteurs de l\u2019\u00e9quipe de France avec 38 buts. Devant lui, Michel Platini, Antoine Griezmann, Thierry Henry et Olivier Giroud ne sont plus si loin.<\/p>\n<p>Jeune, ambitieux et talentueux, le champion du monde vit une succ\u00e8s story incroyable.<\/p>\n","protected":false},"excerpt":{"rendered":"<p>\u00c0 seulement 24 ans, la star fran\u00e7aise du ballon rond fait l\u2019unanimit\u00e9. Nouveau capitaine du PSG, nouveau capitaine de l\u2019\u00e9quipe de France, dans le top des meilleurs buteurs de la France, meilleur buteur de l\u2019histoire du PSG, Kylian Mbapp\u00e9 vit son \u00e9poque. Un leader n\u00e9\u00a0! Son r\u00f4le au sein de l\u2019\u00e9quipe de France et du club de la capitale PSG devient de plus en plus indispensable. Alors que la tr\u00eave internationale suit son cours, Kylian Mbapp\u00e9 est officiellement promu nouveau capitaine des Bleus par Didier Deschamps succ\u00e9dant ainsi \u00e0 Hugo Lloris. Didier Deschamps a bel et bien choisi le buteur du PSG pour endosser le r\u00f4le de capitaine. Le s\u00e9lectionneur des bleus garde un regard tr\u00e8s admiratif sur Kylian. Dans ce costume de nouveau leader des bleus, l\u2019attaquant parisien a \u00e9t\u00e9 brillant face au Pays-Bas en inscrivant un doubl\u00e9 sur un score de (4-0). LIRE AUSSI: [International] Kylian Mbappe prolong\u00e9 au PSG jusqu&rsquo;en 2025 Au PSG le tricolore commence un match dimanche avec le brassard de capitaine pour la premi\u00e8re fois, \u00e0 Lens, en seizi\u00e8me de finale de la Coupe de France contre Pays de Cassel (R1). Il l\u2019a honor\u00e9 en r\u00e9alisant d\u00e9j\u00e0 un tripl\u00e9 en premi\u00e8re p\u00e9riode (29e, 35e, &hellip;<\/p>\n","protected":false},"author":1,"featured_media":13726,"comment_status":"open","ping_status":"open","sticky":false,"template":"","format":"standard","meta":{"footnotes":""},"categories":[26,29],"tags":[27,30,33],"coauthors":[],"class_list":["post-13723","post","type-post","status-publish","format-standard","has-post-thumbnail","hentry","category-actualites","category-international","tag-actualites","tag-international","tag-une"],"acf":[],"_links":{"self":[{"href":"https:\/\/bluediamondtv.com\/index.php?rest_route=\/wp\/v2\/posts\/13723","targetHints":{"allow":["GET"]}}],"collection":[{"href":"https:\/\/bluediamondtv.com\/index.php?rest_route=\/wp\/v2\/posts"}],"about":[{"href":"https:\/\/bluediamondtv.com\/index.php?rest_route=\/wp\/v2\/types\/post"}],"author":[{"embeddable":true,"href":"https:\/\/bluediamondtv.com\/index.php?rest_route=\/wp\/v2\/users\/1"}],"replies":[{"embeddable":true,"href":"https:\/\/bluediamondtv.com\/index.php?rest_route=%2Fwp%2Fv2%2Fcomments&post=13723"}],"version-history":[{"count":0,"href":"https:\/\/bluediamondtv.com\/index.php?rest_route=\/wp\/v2\/posts\/13723\/revisions"}],"wp:featuredmedia":[{"embeddable":true,"href":"https:\/\/bluediamondtv.com\/index.php?rest_route=\/wp\/v2\/media\/13726"}],"wp:attachment":[{"href":"https:\/\/bluediamondtv.com\/index.php?rest_route=%2Fwp%2Fv2%2Fmedia&parent=13723"}],"wp:term":[{"taxonomy":"category","embeddable":true,"href":"https:\/\/bluediamondtv.com\/index.php?rest_route=%2Fwp%2Fv2%2Fcategories&post=13723"},{"taxonomy":"post_tag","embeddable":true,"href":"https:\/\/bluediamondtv.com\/index.php?rest_route=%2Fwp%2Fv2%2Ftags&post=13723"},{"taxonomy":"author","embeddable":true,"href":"https:\/\/bluediamondtv.com\/index.php?rest_route=%2Fwp%2Fv2%2Fcoauthors&post=13723"}],"curies":[{"name":"wp","href":"https:\/\/api.w.org\/{rel}","templated":true}]}}