{"id":14040,"date":"2023-06-26T12:17:07","date_gmt":"2023-06-26T10:17:07","guid":{"rendered":"https:\/\/bluediamondtv.com\/?p=14040"},"modified":"2023-06-26T12:17:07","modified_gmt":"2023-06-26T10:17:07","slug":"benin-immersion-au-coeur-de-la-premiere-serie-beninoise-black-santiago-club","status":"publish","type":"post","link":"https:\/\/bluediamondtv.com\/?p=14040","title":{"rendered":"[BENIN]: Immersion au c\u0153ur de la premi\u00e8re s\u00e9rie b\u00e9ninoise \u00ab Black Santiago Club \u00bb !"},"content":{"rendered":"<p><strong><img fetchpriority=\"high\" decoding=\"async\" class=\"size-medium wp-image-14041 alignleft\" src=\"https:\/\/bluediamondtv.com\/wp-content\/uploads\/2023\/06\/3-5-300x169.jpg\" alt=\"\" width=\"300\" height=\"169\" srcset=\"https:\/\/bluediamondtv.com\/wp-content\/uploads\/2023\/06\/3-5-300x169.jpg 300w, https:\/\/bluediamondtv.com\/wp-content\/uploads\/2023\/06\/3-5-200x113.jpg 200w, https:\/\/bluediamondtv.com\/wp-content\/uploads\/2023\/06\/3-5-768x432.jpg 768w, https:\/\/bluediamondtv.com\/wp-content\/uploads\/2023\/06\/3-5-480x270.jpg 480w, https:\/\/bluediamondtv.com\/wp-content\/uploads\/2023\/06\/3-5.jpg 1008w\" sizes=\"(max-width: 300px) 100vw, 300px\" \/>C&rsquo;est dans les locaux de Canal Olympia B\u00e9nin, le vendredi 23 juin 2023, devant un parterre de personnalit\u00e9s publiques et de cin\u00e9philes, que les r\u00e9alisateurs, producteurs et acteurs de la s\u00e9rie Canal+ Original \u00ab\u00a0Black Santiago Club\u00a0\u00bb ont d\u00e9voil\u00e9 le fruit de plusieurs mois de travail acharn\u00e9. \u00c0 ce propos, voici ce qu\u2019il faut savoir.<\/strong><\/p>\n<h3>\u00ab\u00a0Black Santiago Club\u00a0\u00bb : \u00e0 quoi faut-il s&rsquo;attendre ?<\/h3>\n<p><img decoding=\"async\" class=\"size-medium wp-image-14042 alignleft\" src=\"https:\/\/bluediamondtv.com\/wp-content\/uploads\/2023\/06\/7-300x169.jpg\" alt=\"\" width=\"300\" height=\"169\" srcset=\"https:\/\/bluediamondtv.com\/wp-content\/uploads\/2023\/06\/7-300x169.jpg 300w, https:\/\/bluediamondtv.com\/wp-content\/uploads\/2023\/06\/7-1024x576.jpg 1024w, https:\/\/bluediamondtv.com\/wp-content\/uploads\/2023\/06\/7-200x113.jpg 200w, https:\/\/bluediamondtv.com\/wp-content\/uploads\/2023\/06\/7-768x432.jpg 768w, https:\/\/bluediamondtv.com\/wp-content\/uploads\/2023\/06\/7-480x270.jpg 480w, https:\/\/bluediamondtv.com\/wp-content\/uploads\/2023\/06\/7.jpg 1280w\" sizes=\"(max-width: 300px) 100vw, 300px\" \/>C&rsquo;est dans une ambiance pittoresque, humoristique, con\u00e7ue aux couleurs du B\u00e9nin, plus pr\u00e9cis\u00e9ment de la ville de Cotonou, que s&rsquo;implante le d\u00e9cor de l&rsquo;histoire du Black Santiago Club. C\u2019est l\u2019histoire d\u2019un club qui unie son c\u0153ur \u00e0 celle de la musique classique. \u00a0\u00c0 travers cette immersion, le public aura ainsi la chance de c\u00f4toyer les coulisses de l\u2019un des groupes de jazz et de salsa le plus mythique du B\u00e9nin\u00a0: le Black Santiago. Con\u00e7u et enti\u00e8rement r\u00e9alis\u00e9 au B\u00e9nin, avec des acteurs 100% b\u00e9ninois, le patrimoine culturel et musical de ce pays, se voient sous les projecteurs, et ce, \u00e0 360\u00b0.<\/p>\n<p><strong><span style=\"color: #3366ff;\"><a style=\"color: #3366ff;\" href=\"https:\/\/bluediamondtv.com\/2023\/06\/01\/benin-canal-benin-amorce-officiellement-lair-du-festival-de-cadeaux\/\">LIRE AUSSI: [BENIN] Canal+ benin amorce officiellement l&rsquo;air du festival de cadeaux\u00a0<\/a><\/span><\/strong><\/p>\n<h3><img decoding=\"async\" class=\"size-medium wp-image-14043 alignleft\" src=\"https:\/\/bluediamondtv.com\/wp-content\/uploads\/2023\/06\/5-1-169x300.jpg\" alt=\"\" width=\"169\" height=\"300\" \/>\u00c0 la rencontre des personnages<\/h3>\n<p>Authentique, avec beaucoup d\u2019humours, d&rsquo;audace et de charmes, d\u00e9couvrez d&rsquo;une part :<\/p>\n<p>\u25aa\ufe0e Gr\u00e2ce : le personnage principal du film. Une jeune femme \u00e0 l&rsquo;avenir prometteur, mais pris dans les filets du pass\u00e9. Elle d\u00e9sire \u00e0 tout prix conna\u00eetre sa m\u00e8re et l&rsquo;histoire derri\u00e8re sa disparition ;<\/p>\n<p>\u25aa\ufe0e Antoine : le patron du Black Santiago Club, qui ne vit que pour redonner les couleurs d&rsquo;entre-temps \u00e0 son Club et au groupe Black Santiago.<\/p>\n<h3>D&rsquo;autre part, rencontrez :<\/h3>\n<p>\u25aa\ufe0e Th\u00e9o : un saxophoniste de g\u00e9nie, pris malheureusement dans les mailles des tourments du pass\u00e9.<\/p>\n<p><strong><span style=\"color: #3366ff;\"><a style=\"color: #3366ff;\" href=\"https:\/\/bluediamondtv.com\/2023\/06\/12\/benin-mtn-benin-se-surpasse-pour-ses-abonnees\/\"><img loading=\"lazy\" decoding=\"async\" class=\"size-medium wp-image-14044 alignleft\" src=\"https:\/\/bluediamondtv.com\/wp-content\/uploads\/2023\/06\/4-3-169x300.jpg\" alt=\"\" width=\"169\" height=\"300\" \/>LIRE AUSSI: [BENIN] MTN Benin se surpasse pour ses abonn\u00e9s\u00a0<\/a><\/span><\/strong><\/p>\n<p>Et, que serait une s\u00e9rie sans le m\u00e9chant de l&rsquo;histoire ? Ici, c\u2019est Azu, un richissime promoteur immobilier, ayant pour but de d\u00e9truire le club et les villages de p\u00eacheurs environnant, en vue de construire une station baln\u00e9aire.<\/p>\n<h3>Un projet porteur\u202f!<\/h3>\n<p>\u00ab\u00a0Elle sera diffus\u00e9e \u00e0 partir du 03 juillet sur Canal+ Premi\u00e8re. Ce qu\u2019il faut savoir, c\u2019est qu\u2019elle sera diffus\u00e9e au B\u00e9nin, mais pas que. Aujourd\u2019hui, Canal+ en Afrique, c\u2019est quasiment 8.000.000 de foyers abonn\u00e9s, donc quasiment 40.000.000 de famille qui vont pouvoir regarder le Black Santiago Club. Nous allons pouvoir ensemble partager notre patrimoine culturel, notre patrimoine musical. Pour \u00e7a, on salue le Black Santiago. Nous sommes tr\u00e8s fi\u00e8res que cette histoire soit racont\u00e9e autour d\u2019eux aussi\u00a0\u00bb a affirm\u00e9 avec fiert\u00e9 la Directrice G\u00e9n\u00e9rale de Canal+ B\u00e9nin, Yacine ALAO.<\/p>\n<p>&nbsp;<\/p>\n<p>&nbsp;<\/p>\n<p>&nbsp;<\/p>\n<p>&nbsp;<\/p>\n<p>&nbsp;<\/p>\n<p>&nbsp;<\/p>\n<p>&nbsp;<\/p>\n","protected":false},"excerpt":{"rendered":"<p>C&rsquo;est dans les locaux de Canal Olympia B\u00e9nin, le vendredi 23 juin 2023, devant un parterre de personnalit\u00e9s publiques et de cin\u00e9philes, que les r\u00e9alisateurs, producteurs et acteurs de la s\u00e9rie Canal+ Original \u00ab\u00a0Black Santiago Club\u00a0\u00bb ont d\u00e9voil\u00e9 le fruit de plusieurs mois de travail acharn\u00e9. \u00c0 ce propos, voici ce qu\u2019il faut savoir. \u00ab\u00a0Black Santiago Club\u00a0\u00bb : \u00e0 quoi faut-il s&rsquo;attendre ? C&rsquo;est dans une ambiance pittoresque, humoristique, con\u00e7ue aux couleurs du B\u00e9nin, plus pr\u00e9cis\u00e9ment de la ville de Cotonou, que s&rsquo;implante le d\u00e9cor de l&rsquo;histoire du Black Santiago Club. C\u2019est l\u2019histoire d\u2019un club qui unie son c\u0153ur \u00e0 celle de la musique classique. \u00a0\u00c0 travers cette immersion, le public aura ainsi la chance de c\u00f4toyer les coulisses de l\u2019un des groupes de jazz et de salsa le plus mythique du B\u00e9nin\u00a0: le Black Santiago. Con\u00e7u et enti\u00e8rement r\u00e9alis\u00e9 au B\u00e9nin, avec des acteurs 100% b\u00e9ninois, le patrimoine culturel et musical de ce pays, se voient sous les projecteurs, et ce, \u00e0 360\u00b0. LIRE AUSSI: [BENIN] Canal+ benin amorce officiellement l&rsquo;air du festival de cadeaux\u00a0 \u00c0 la rencontre des personnages Authentique, avec beaucoup d\u2019humours, d&rsquo;audace et de charmes, d\u00e9couvrez d&rsquo;une part : \u25aa\ufe0e Gr\u00e2ce : le personnage principal du &hellip;<\/p>\n","protected":false},"author":1,"featured_media":14045,"comment_status":"open","ping_status":"open","sticky":false,"template":"","format":"standard","meta":{"footnotes":""},"categories":[26,31],"tags":[27,32,33],"coauthors":[],"class_list":["post-14040","post","type-post","status-publish","format-standard","has-post-thumbnail","hentry","category-actualites","category-benin","tag-actualites","tag-benin","tag-une"],"acf":[],"_links":{"self":[{"href":"https:\/\/bluediamondtv.com\/index.php?rest_route=\/wp\/v2\/posts\/14040","targetHints":{"allow":["GET"]}}],"collection":[{"href":"https:\/\/bluediamondtv.com\/index.php?rest_route=\/wp\/v2\/posts"}],"about":[{"href":"https:\/\/bluediamondtv.com\/index.php?rest_route=\/wp\/v2\/types\/post"}],"author":[{"embeddable":true,"href":"https:\/\/bluediamondtv.com\/index.php?rest_route=\/wp\/v2\/users\/1"}],"replies":[{"embeddable":true,"href":"https:\/\/bluediamondtv.com\/index.php?rest_route=%2Fwp%2Fv2%2Fcomments&post=14040"}],"version-history":[{"count":0,"href":"https:\/\/bluediamondtv.com\/index.php?rest_route=\/wp\/v2\/posts\/14040\/revisions"}],"wp:featuredmedia":[{"embeddable":true,"href":"https:\/\/bluediamondtv.com\/index.php?rest_route=\/wp\/v2\/media\/14045"}],"wp:attachment":[{"href":"https:\/\/bluediamondtv.com\/index.php?rest_route=%2Fwp%2Fv2%2Fmedia&parent=14040"}],"wp:term":[{"taxonomy":"category","embeddable":true,"href":"https:\/\/bluediamondtv.com\/index.php?rest_route=%2Fwp%2Fv2%2Fcategories&post=14040"},{"taxonomy":"post_tag","embeddable":true,"href":"https:\/\/bluediamondtv.com\/index.php?rest_route=%2Fwp%2Fv2%2Ftags&post=14040"},{"taxonomy":"author","embeddable":true,"href":"https:\/\/bluediamondtv.com\/index.php?rest_route=%2Fwp%2Fv2%2Fcoauthors&post=14040"}],"curies":[{"name":"wp","href":"https:\/\/api.w.org\/{rel}","templated":true}]}}