{"id":14420,"date":"2023-09-06T16:23:01","date_gmt":"2023-09-06T14:23:01","guid":{"rendered":"https:\/\/bluediamondtv.com\/?p=14420"},"modified":"2023-09-06T16:23:01","modified_gmt":"2023-09-06T14:23:01","slug":"interntional-lacteur-jean-paul-dalmeida-est-passe-de-vie-a-trepas","status":"publish","type":"post","link":"https:\/\/bluediamondtv.com\/?p=14420","title":{"rendered":"[INTERNTIONAL]: L&rsquo;acteur Jean Paul D\u2019Almeida est pass\u00e9 de vie \u00e0 tr\u00e9pas !"},"content":{"rendered":"<p><strong><img fetchpriority=\"high\" decoding=\"async\" class=\"size-medium wp-image-14421 alignleft\" src=\"https:\/\/bluediamondtv.com\/wp-content\/uploads\/2023\/09\/2-300x249.jpg\" alt=\"\" width=\"300\" height=\"249\" srcset=\"https:\/\/bluediamondtv.com\/wp-content\/uploads\/2023\/09\/2-300x249.jpg 300w, https:\/\/bluediamondtv.com\/wp-content\/uploads\/2023\/09\/2-200x166.jpg 200w, https:\/\/bluediamondtv.com\/wp-content\/uploads\/2023\/09\/2-480x399.jpg 480w, https:\/\/bluediamondtv.com\/wp-content\/uploads\/2023\/09\/2.jpg 520w\" sizes=\"(max-width: 300px) 100vw, 300px\" \/>L&rsquo;Afrique francophone est en deuil. Le c\u00e9l\u00e8bre acteur et mannequin m\u00e9tis <span style=\"color: #0000ff;\"><a style=\"color: #0000ff;\" href=\"https:\/\/www.tiktok.com\/@rombo221\/video\/7274968022069087520\">Jean-Paul D&rsquo;Almeida<\/a><\/span> est d\u00e9c\u00e9d\u00e9 ce lundi .\u00a0<\/strong><\/p>\n<p><span style=\"color: #3366ff;\"><a style=\"color: #3366ff;\" href=\"https:\/\/bluediamondtv.com\/2023\/09\/04\/benin-fanicko-explose-les-records-avec-dieu\/\"><strong>lire aussi:[BENIN] Fanicko explose les records avec Dieu!<\/strong><\/a><\/span><\/p>\n<p>C\u2019est une triste r\u00e9alit\u00e9. le figurant des s\u00e9ries s\u00e9n\u00e9galaises telles que: \u00ab<em>Idoles<\/em>\u00bb \u00ab<em>Yaye<\/em> 2.0\u00bb <span style=\"color: #3366ff;\"><a style=\"color: #3366ff;\" href=\"https:\/\/www.youtube.com\/watch?v=-xBR-81fNLU\"><strong>\u00ab<\/strong> <em>Impuissants<\/em> \u00bb<\/a><\/span> et <span style=\"color: #3366ff;\"><a style=\"color: #3366ff;\" href=\"https:\/\/www.youtube.com\/watch?v=B60s__N6lww\"><strong>\u00ab<\/strong> <em>Karma<\/em> \u00bb<\/a><\/span> a bel et bien tir\u00e9 Sa R\u00e9v\u00e9rence \u00e0 fleur de l\u2019\u00e2ge. Jeune, dynamique, sympa, courtois, professionnel mais surtout tr\u00e8s talentueux, le jeune homme n\u00e9 de p\u00e8re b\u00e9ninois et de m\u00e8re bissau-guin\u00e9enne avait tous les atouts pour percer dans sa carri\u00e8re et pour valoriser ses cultures endog\u00e8nes \u00e0 l\u2019\u00e9chelle mondiale. D\u00e9sastreusement, le destin en a d\u00e9cid\u00e9 autrement et la mort l\u2019a emport\u00e9. Il a \u00e9t\u00e9 victime d&rsquo;un accident dans la nuit du mardi au mercredi 30 ao\u00fbt, et est d\u00e9c\u00e9d\u00e9 le lundi 4 ao\u00fbt, causant une angoisse indicible \u00e0 sa famille, ses coll\u00e8gues, ses amis et les cin\u00e9philes.<\/p>\n<p>Selon la cha\u00eene s\u00e9n\u00e9galaise <strong><a href=\"https:\/\/www.youtube.com\/watch?v=E75lx-U7fp8\"><span style=\"color: #3366ff;\">Kawtef<\/span>,<\/a><\/strong> les obs\u00e8ques auront lieu le vendredi 8 septembre 2023, au cimeti\u00e8re Saint-Lazare de Dakar. La messe est pr\u00e9vue \u00e0 11h \u00e0 l\u2019\u00e9glise Martyr de l\u2019Ouganda de Dieupeul. Malheureusement,<em> \u00ab\u00a0le soleil des vivants n&rsquo;\u00e9chauffe plus les morts.\u00a0\u00bb,<\/em> Oeuvres de Lamartine (\u00c9ditions 1840) &#8211; Alphonse de Lamartine. Que Jean Paul D\u2019Almeida repose en paix.<\/p>\n<p>&nbsp;<\/p>\n","protected":false},"excerpt":{"rendered":"<p>L&rsquo;Afrique francophone est en deuil. Le c\u00e9l\u00e8bre acteur et mannequin m\u00e9tis Jean-Paul D&rsquo;Almeida est d\u00e9c\u00e9d\u00e9 ce lundi .\u00a0 lire aussi:[BENIN] Fanicko explose les records avec Dieu! C\u2019est une triste r\u00e9alit\u00e9. le figurant des s\u00e9ries s\u00e9n\u00e9galaises telles que: \u00abIdoles\u00bb \u00abYaye 2.0\u00bb \u00ab Impuissants \u00bb et \u00ab Karma \u00bb a bel et bien tir\u00e9 Sa R\u00e9v\u00e9rence \u00e0 fleur de l\u2019\u00e2ge. Jeune, dynamique, sympa, courtois, professionnel mais surtout tr\u00e8s talentueux, le jeune homme n\u00e9 de p\u00e8re b\u00e9ninois et de m\u00e8re bissau-guin\u00e9enne avait tous les atouts pour percer dans sa carri\u00e8re et pour valoriser ses cultures endog\u00e8nes \u00e0 l\u2019\u00e9chelle mondiale. D\u00e9sastreusement, le destin en a d\u00e9cid\u00e9 autrement et la mort l\u2019a emport\u00e9. Il a \u00e9t\u00e9 victime d&rsquo;un accident dans la nuit du mardi au mercredi 30 ao\u00fbt, et est d\u00e9c\u00e9d\u00e9 le lundi 4 ao\u00fbt, causant une angoisse indicible \u00e0 sa famille, ses coll\u00e8gues, ses amis et les cin\u00e9philes. Selon la cha\u00eene s\u00e9n\u00e9galaise Kawtef, les obs\u00e8ques auront lieu le vendredi 8 septembre 2023, au cimeti\u00e8re Saint-Lazare de Dakar. La messe est pr\u00e9vue \u00e0 11h \u00e0 l\u2019\u00e9glise Martyr de l\u2019Ouganda de Dieupeul. Malheureusement, \u00ab\u00a0le soleil des vivants n&rsquo;\u00e9chauffe plus les morts.\u00a0\u00bb, Oeuvres de Lamartine (\u00c9ditions 1840) &#8211; Alphonse de Lamartine. Que Jean Paul D\u2019Almeida repose en &hellip;<\/p>\n","protected":false},"author":1,"featured_media":14422,"comment_status":"open","ping_status":"open","sticky":false,"template":"","format":"standard","meta":{"footnotes":""},"categories":[26,29,34],"tags":[27,30,33],"coauthors":[],"class_list":["post-14420","post","type-post","status-publish","format-standard","has-post-thumbnail","hentry","category-actualites","category-international","category-une","tag-actualites","tag-international","tag-une"],"acf":[],"_links":{"self":[{"href":"https:\/\/bluediamondtv.com\/index.php?rest_route=\/wp\/v2\/posts\/14420","targetHints":{"allow":["GET"]}}],"collection":[{"href":"https:\/\/bluediamondtv.com\/index.php?rest_route=\/wp\/v2\/posts"}],"about":[{"href":"https:\/\/bluediamondtv.com\/index.php?rest_route=\/wp\/v2\/types\/post"}],"author":[{"embeddable":true,"href":"https:\/\/bluediamondtv.com\/index.php?rest_route=\/wp\/v2\/users\/1"}],"replies":[{"embeddable":true,"href":"https:\/\/bluediamondtv.com\/index.php?rest_route=%2Fwp%2Fv2%2Fcomments&post=14420"}],"version-history":[{"count":0,"href":"https:\/\/bluediamondtv.com\/index.php?rest_route=\/wp\/v2\/posts\/14420\/revisions"}],"wp:featuredmedia":[{"embeddable":true,"href":"https:\/\/bluediamondtv.com\/index.php?rest_route=\/wp\/v2\/media\/14422"}],"wp:attachment":[{"href":"https:\/\/bluediamondtv.com\/index.php?rest_route=%2Fwp%2Fv2%2Fmedia&parent=14420"}],"wp:term":[{"taxonomy":"category","embeddable":true,"href":"https:\/\/bluediamondtv.com\/index.php?rest_route=%2Fwp%2Fv2%2Fcategories&post=14420"},{"taxonomy":"post_tag","embeddable":true,"href":"https:\/\/bluediamondtv.com\/index.php?rest_route=%2Fwp%2Fv2%2Ftags&post=14420"},{"taxonomy":"author","embeddable":true,"href":"https:\/\/bluediamondtv.com\/index.php?rest_route=%2Fwp%2Fv2%2Fcoauthors&post=14420"}],"curies":[{"name":"wp","href":"https:\/\/api.w.org\/{rel}","templated":true}]}}