{"id":18278,"date":"2026-02-09T10:51:38","date_gmt":"2026-02-09T09:51:38","guid":{"rendered":"https:\/\/bluediamondtv.com\/?p=18278"},"modified":"2026-03-09T10:56:08","modified_gmt":"2026-03-09T09:56:08","slug":"blue-life-n71","status":"publish","type":"post","link":"https:\/\/bluediamondtv.com\/?p=18278","title":{"rendered":"BLUE LIFE N\u00b071"},"content":{"rendered":"\t\t<div data-elementor-type=\"wp-post\" data-elementor-id=\"18278\" class=\"elementor elementor-18278\">\n\t\t\t\t\t\t<section class=\"elementor-section elementor-top-section elementor-element elementor-element-6be3c85f elementor-section-height-default elementor-section-height-default section-boxed is-skin bg-light bg-no columns-no bg-no wpr-particle-no wpr-jarallax-no wpr-parallax-no wpr-sticky-section-no\" data-id=\"6be3c85f\" data-element_type=\"section\">\n\t\t\t\t\t\t<div class=\"elementor-container elementor-column-gap-default\">\n\t\t\t\t\t<div class=\"elementor-column elementor-col-100 elementor-top-column elementor-element elementor-element-5dfbfa74 columns-nosticky\" data-id=\"5dfbfa74\" data-element_type=\"column\">\n\t\t\t<div class=\"elementor-widget-wrap elementor-element-populated\">\n\t\t\t\t\t\t<div class=\"elementor-element elementor-element-69fbc1c9 elementor-widget elementor-widget-text-editor\" data-id=\"69fbc1c9\" data-element_type=\"widget\" data-widget_type=\"text-editor.default\">\n\t\t\t\t<div class=\"elementor-widget-container\">\n\t\t\t\t\t\t\t\t\t<strong>Une soci\u00e9t\u00e9 de paradoxes !<\/strong>\n<p data-start=\"139\" data-end=\"287\">Qu\u2019est-ce qui peut expliquer l\u2019enracinement de l\u2019individualisme dans une soci\u00e9t\u00e9 o\u00f9 nous n\u2019avons jamais \u00e9t\u00e9 aussi connect\u00e9s, visibles et expos\u00e9s ?<\/p>\n<p data-start=\"289\" data-end=\"992\">Quel monde de paradoxes que le n\u00f4tre, o\u00f9 la parole circule en continu, mais o\u00f9 l\u2019\u00e9coute se fait rare. Aujourd\u2019hui, prendre la parole sur les r\u00e9seaux sociaux tout en vivant la solitude dans le monde r\u00e9el est devenu un ph\u00e9nom\u00e8ne courant, presque banal, largement accept\u00e9. Chacun avance, concentr\u00e9 sur sa trajectoire, ses urgences, ses priorit\u00e9s, souvent au d\u00e9triment de l\u2019\u00e9coute r\u00e9elle de l\u2019autre. Alors, des silences s\u2019installent durablement et deviennent de ce fait autre chose que de simples choix : de v\u00e9ritables strat\u00e9gies de survie. Des silences polis, bien habill\u00e9s, socialement acceptables. Des silences derri\u00e8re lesquels se cachent fatigue morale, hypersensibilit\u00e9, \u00e9puisement, mal-\u00eatre diffus.<\/p>\n<p data-start=\"994\" data-end=\"1435\">Les plus fragiles se taisent. Par peur de d\u00e9ranger. Par peur d\u2019\u00eatre jug\u00e9s, minimis\u00e9s, ridiculis\u00e9s. Par peur aussi d\u2019\u00eatre renvoy\u00e9s \u00e0 des injonctions creuses : \u00ab <em>sois fort<\/em> \u00bb, \u00ab<em> relativise<\/em> \u00bb, \u00ab il y a pire ailleurs \u00bb. Par peur que leurs mots soient accueillis avec une d\u00e9sinvolture gla\u00e7ante. Comme si la souffrance devait \u00eatre spectaculaire pour \u00eatre l\u00e9gitime. Comme si la d\u00e9tresse silencieuse valait moins que celle qui s\u2019exprime bruyamment.<\/p>\n<p data-start=\"1437\" data-end=\"1830\">H\u00e9las, dans un monde o\u00f9 priment la performance, la vitesse et l\u2019image, montrer ses fragilit\u00e9s reste encore, trop souvent, per\u00e7u comme une faiblesse. Le d\u00e9c\u00e8s de l\u2019actrice Halima Gadji <strong data-start=\"1621\" data-end=\"1629\">agit<\/strong> comme un \u00e9lectrochoc et nous oblige (une fois encore) \u00e0 regarder en face une r\u00e9alit\u00e9 plus large, plus inconfortable : celle d\u2019une soci\u00e9t\u00e9 qui s\u2019est habitu\u00e9e \u00e0 banaliser la douleur de ses semblables.<\/p>\n<p data-start=\"1832\" data-end=\"2424\">Comment en est-on arriv\u00e9 l\u00e0 ? Comment avons-nous collectivement accept\u00e9 que l\u2019\u00e9coute devienne optionnelle, que l\u2019empathie soit conditionnelle, que la vuln\u00e9rabilit\u00e9 soit moqu\u00e9e ou ignor\u00e9e ? Non, il ne s\u2019agit pas ici de d\u00e9signer des coupables, encore moins de culpabiliser, mais d\u2019alerter en toute lucidit\u00e9, de sensibiliser et d\u2019appeler \u00e0 la responsabilit\u00e9 collective. Soyons plus attentifs, prenons le temps d\u2019\u00e9couter sans comparer, sans juger. Cr\u00e9ons des espaces, personnels, professionnels, sociaux, o\u00f9 la parole peut exister sans \u00eatre imm\u00e9diatement questionn\u00e9e, encore moins disqualifi\u00e9e.<\/p>\n<p data-start=\"2426\" data-end=\"2523\">Parce que la solidarit\u00e9 ne devrait pas \u00eatre une r\u00e9action tardive, mais une posture quotidienne.<\/p>\n<p data-start=\"2525\" data-end=\"2598\">Djamila IDRISSOU SOULER<br data-start=\"2548\" data-end=\"2551\" \/>Consultante en management<br data-start=\"2576\" data-end=\"2579\" \/>des organisations<\/p>\n&nbsp;\t\t\t\t\t\t\t\t<\/div>\n\t\t\t\t<\/div>\n\t\t\t\t<div class=\"elementor-element elementor-element-f2d8e7b wpr-button-icon-style-inline wpr-button-icon-position-right elementor-widget elementor-widget-wpr-button\" data-id=\"f2d8e7b\" data-element_type=\"widget\" data-widget_type=\"wpr-button.default\">\n\t\t\t\t<div class=\"elementor-widget-container\">\n\t\t\t\t\t\t\n\t\t\t\n\t\t\n\t\t<div class=\"wpr-button-wrap elementor-clearfix\">\n\t\t<a class=\"wpr-button wpr-button-effect wpr-button-none\" data-text=\"Go\" href=\"https:\/\/bluediamondtv.com\/wp-content\/uploads\/2026\/03\/BLUELIFE_DIG-2.pdf\">\n\t\t\t\n\t\t\t<span class=\"wpr-button-content\">\n\t\t\t\t\t\t\t\t\t<span class=\"wpr-button-text\">T\u00e9l\u00e9charger le magazine<\/span>\n\t\t\t\t\t\t\t\t\n\t\t\t\t\t\t\t\t\t<span class=\"wpr-button-icon\"><svg class=\"e-font-icon-svg e-fas-angle-right\" viewBox=\"0 0 256 512\" xmlns=\"http:\/\/www.w3.org\/2000\/svg\"><path d=\"M224.3 273l-136 136c-9.4 9.4-24.6 9.4-33.9 0l-22.6-22.6c-9.4-9.4-9.4-24.6 0-33.9l96.4-96.4-96.4-96.4c-9.4-9.4-9.4-24.6 0-33.9L54.3 103c9.4-9.4 24.6-9.4 33.9 0l136 136c9.5 9.4 9.5 24.6.1 34z\"><\/path><\/svg><\/span>\n\t\t\t\t\t\t\t<\/span>\n\t\t<\/a>\n\n\t\t\t\t<\/div>\n\t\n\t\n\t\t\t\t\t<\/div>\n\t\t\t\t<\/div>\n\t\t\t\t\t<\/div>\n\t\t<\/div>\n\t\t\t\t\t<\/div>\n\t\t<\/section>\n\t\t\t\t<\/div>\n\t\t","protected":false},"excerpt":{"rendered":"<p>Une soci\u00e9t\u00e9 de paradoxes ! Qu\u2019est-ce qui peut expliquer l\u2019enracinement de l\u2019individualisme dans une soci\u00e9t\u00e9 o\u00f9 nous n\u2019avons jamais \u00e9t\u00e9 aussi connect\u00e9s, visibles et expos\u00e9s ? Quel monde de paradoxes que le n\u00f4tre, o\u00f9 la parole circule en continu, mais o\u00f9 l\u2019\u00e9coute se fait rare. Aujourd\u2019hui, prendre la parole sur les r\u00e9seaux sociaux tout en vivant la solitude dans le monde r\u00e9el est devenu un ph\u00e9nom\u00e8ne courant, presque banal, largement accept\u00e9. Chacun avance, concentr\u00e9 sur sa trajectoire, ses urgences, ses priorit\u00e9s, souvent au d\u00e9triment de l\u2019\u00e9coute r\u00e9elle de l\u2019autre. Alors, des silences s\u2019installent durablement et deviennent de ce fait autre chose que de simples choix : de v\u00e9ritables strat\u00e9gies de survie. Des silences polis, bien habill\u00e9s, socialement acceptables. Des silences derri\u00e8re lesquels se cachent fatigue morale, hypersensibilit\u00e9, \u00e9puisement, mal-\u00eatre diffus. Les plus fragiles se taisent. Par peur de d\u00e9ranger. Par peur d\u2019\u00eatre jug\u00e9s, minimis\u00e9s, ridiculis\u00e9s. Par peur aussi d\u2019\u00eatre renvoy\u00e9s \u00e0 des injonctions creuses : \u00ab sois fort \u00bb, \u00ab relativise \u00bb, \u00ab il y a pire ailleurs \u00bb. Par peur que leurs mots soient accueillis avec une d\u00e9sinvolture gla\u00e7ante. Comme si la souffrance devait \u00eatre spectaculaire pour \u00eatre l\u00e9gitime. Comme si la d\u00e9tresse silencieuse valait moins que celle qui &hellip;<\/p>\n","protected":false},"author":2,"featured_media":18277,"comment_status":"open","ping_status":"open","sticky":false,"template":"","format":"standard","meta":{"footnotes":""},"categories":[56],"tags":[57],"coauthors":[59],"class_list":["post-18278","post","type-post","status-publish","format-standard","has-post-thumbnail","hentry","category-bluelife-mag","tag-bluelife"],"acf":[],"_links":{"self":[{"href":"https:\/\/bluediamondtv.com\/index.php?rest_route=\/wp\/v2\/posts\/18278","targetHints":{"allow":["GET"]}}],"collection":[{"href":"https:\/\/bluediamondtv.com\/index.php?rest_route=\/wp\/v2\/posts"}],"about":[{"href":"https:\/\/bluediamondtv.com\/index.php?rest_route=\/wp\/v2\/types\/post"}],"author":[{"embeddable":true,"href":"https:\/\/bluediamondtv.com\/index.php?rest_route=\/wp\/v2\/users\/2"}],"replies":[{"embeddable":true,"href":"https:\/\/bluediamondtv.com\/index.php?rest_route=%2Fwp%2Fv2%2Fcomments&post=18278"}],"version-history":[{"count":8,"href":"https:\/\/bluediamondtv.com\/index.php?rest_route=\/wp\/v2\/posts\/18278\/revisions"}],"predecessor-version":[{"id":18286,"href":"https:\/\/bluediamondtv.com\/index.php?rest_route=\/wp\/v2\/posts\/18278\/revisions\/18286"}],"wp:featuredmedia":[{"embeddable":true,"href":"https:\/\/bluediamondtv.com\/index.php?rest_route=\/wp\/v2\/media\/18277"}],"wp:attachment":[{"href":"https:\/\/bluediamondtv.com\/index.php?rest_route=%2Fwp%2Fv2%2Fmedia&parent=18278"}],"wp:term":[{"taxonomy":"category","embeddable":true,"href":"https:\/\/bluediamondtv.com\/index.php?rest_route=%2Fwp%2Fv2%2Fcategories&post=18278"},{"taxonomy":"post_tag","embeddable":true,"href":"https:\/\/bluediamondtv.com\/index.php?rest_route=%2Fwp%2Fv2%2Ftags&post=18278"},{"taxonomy":"author","embeddable":true,"href":"https:\/\/bluediamondtv.com\/index.php?rest_route=%2Fwp%2Fv2%2Fcoauthors&post=18278"}],"curies":[{"name":"wp","href":"https:\/\/api.w.org\/{rel}","templated":true}]}}